[{"@context":"https:\/\/schema.org\/","@type":"Article","@id":"https:\/\/www.chkocr.cz\/nase-spolecnost-a-moje-firma\/#Article","mainEntityOfPage":"https:\/\/www.chkocr.cz\/nase-spolecnost-a-moje-firma\/","headline":"Na\u0161e spole\u010dnost a moje firma","name":"Na\u0161e spole\u010dnost a moje firma","description":"Nejenom v&nbsp;tisku, na r\u016fzn\u00fdch webov\u00fdch serverech a soci\u00e1ln\u00edch s\u00edt\u00edch prob\u00edhaj\u00ed diskuze a\u017e s&nbsp;protich\u016fdn\u00fdmi n\u00e1zory na d\u011bn\u00ed v&nbsp;na\u0161\u00ed spole\u010dnosti, kter\u00e1 je velmi propojen\u00e1 i nad\u00e1le se slovenskou spole\u010dnost\u00ed. \u017dijeme v&nbsp;demokratick\u00e9m st\u00e1t\u011b, kter\u00fd jsme si postupn\u011b vytvo\u0159ili k&nbsp;obrazu sv\u00e9mu. V\u0161ichni se c\u00edt\u00edme svobodn\u00ed, bez obav m\u016f\u017eeme st\u00e1vkovat, vyj\u00e1d\u0159it se beztrestn\u011b nejenom k&nbsp;politick\u00e9mu","datePublished":"2019-11-22","dateModified":"2023-06-06","author":{"@type":"Person","@id":"https:\/\/www.chkocr.cz\/author\/#Person","name":"","url":"https:\/\/www.chkocr.cz\/author\/","identifier":1,"image":{"@type":"ImageObject","@id":"https:\/\/secure.gravatar.com\/avatar\/6808215d501bdbb001ef3734be3cdad1be23596de78c590ed2ac5868fce74c95?s=96&d=mm&r=g","url":"https:\/\/secure.gravatar.com\/avatar\/6808215d501bdbb001ef3734be3cdad1be23596de78c590ed2ac5868fce74c95?s=96&d=mm&r=g","height":96,"width":96}},"publisher":{"@type":"Organization","name":"chkocr.cz","logo":{"@type":"ImageObject","@id":"\/logo.png","url":"\/logo.png","width":600,"height":60}},"image":{"@type":"ImageObject","@id":"https:\/\/www.chkocr.cz\/wp-content\/uploads\/img_a361309_w3834_t1574598669.jpg","url":"https:\/\/www.chkocr.cz\/wp-content\/uploads\/img_a361309_w3834_t1574598669.jpg","height":0,"width":0},"url":"https:\/\/www.chkocr.cz\/nase-spolecnost-a-moje-firma\/","about":["Spole\u010dnosti"],"wordCount":520,"articleBody":"Nejenom v&nbsp;tisku, na r\u016fzn\u00fdch webov\u00fdch serverech a soci\u00e1ln\u00edch s\u00edt\u00edch prob\u00edhaj\u00ed diskuze a\u017e s&nbsp;protich\u016fdn\u00fdmi n\u00e1zory na d\u011bn\u00ed v&nbsp;na\u0161\u00ed spole\u010dnosti, kter\u00e1 je velmi propojen\u00e1 i nad\u00e1le se slovenskou spole\u010dnost\u00ed.\t\u017dijeme v&nbsp;demokratick\u00e9m st\u00e1t\u011b, kter\u00fd jsme si postupn\u011b vytvo\u0159ili k&nbsp;obrazu sv\u00e9mu. V\u0161ichni se c\u00edt\u00edme svobodn\u00ed, bez obav m\u016f\u017eeme st\u00e1vkovat, vyj\u00e1d\u0159it se beztrestn\u011b nejenom k&nbsp;politick\u00e9mu d\u011bn\u00ed. Ale p\u0159esto je na\u0161e spole\u010dnost n\u011bjak rozd\u011blen\u00e1.\t\t&nbsp; v&nbsp; Mnoho na\u0161ich obyvatel se hl\u00e1s\u00ed k&nbsp;liber\u00e1ln\u00ed demokracii, kde hlavn\u00ed my\u0161lenkou je \u017e\u00edt v&nbsp;pr\u00e1vn\u00edm demokratick\u00e9m st\u00e1t\u011b, kter\u00fd v\u0161echny obyvatele pova\u017euje za svobodn\u00e9, ochra\u0148uje jejich pr\u00e1va, v\u010detn\u011b voleb.\t&nbsp; v&nbsp; N\u011bkte\u0159\u00ed zast\u00e1vaj\u00ed klasick\u00fd liberalismus. Velmi jednodu\u0161e \u0159e\u010deno: cht\u011bj\u00ed se c\u00edtit naprosto svobodn\u00ed, ale necht\u011bj\u00ed, aby jim n\u011bkdo \u0159\u00eddil jejich \u017eivot. Od st\u00e1tu vy\u017eaduj\u00ed hlavn\u011b ochranu sv\u00e9 osoby p\u0159ed ostatn\u00edmi.\t&nbsp; v&nbsp; Dal\u0161\u00ed \u010d\u00e1st na\u0161ich obyvatel jsou zast\u00e1nci konzervativn\u00edch my\u0161lenek, kter\u00e9 ct\u00ed ur\u010dit\u00e9 hodnoty, jako je nap\u0159\u00edklad n\u00e1rodn\u00ed tradice, mor\u00e1lka, odsuzuj\u00ed nemravnost apod.\tI kdy\u017e ten nejmen\u0161\u00ed po\u010det lid\u00ed u n\u00e1s se \u0159ad\u00ed ke skeptik\u016fm a z\u00e1vistivc\u016fm, v\u0161echny tyto sm\u011bry h\u00fdbaj\u00ed na\u0161\u00ed sou\u010dasnou politikou a tak i proto se hovo\u0159\u00ed, \u017ee je na\u0161e demokratick\u00e1 spole\u010dnost rozh\u00e1dan\u00e1.\t\tPak se m\u016f\u017eeme bavit o spole\u010dnostech &ndash; firm\u00e1ch, kter\u00e9 maj\u00ed nejenom podle v\u00fd\u0161e vkladu, spole\u010densk\u00e9 smlouvy, r\u016fzn\u00fdch opr\u00e1vn\u011bn\u00ed podle&nbsp;druhu podnik\u00e1n\u00ed, r\u016fzn\u00e9 n\u00e1zvy:\t&middot;&nbsp;&nbsp;&nbsp;&nbsp;&nbsp;&nbsp;&nbsp;&nbsp; Spole\u010dnost s&nbsp;ru\u010den\u00edm omezen\u00fdm &ndash; s.r.o.\t&middot;&nbsp;&nbsp;&nbsp;&nbsp;&nbsp;&nbsp;&nbsp;&nbsp; Akciov\u00e1 spole\u010dnost &ndash; a.s.\t&middot;&nbsp;&nbsp;&nbsp;&nbsp;&nbsp;&nbsp;&nbsp;&nbsp; Ve\u0159ejn\u00e1 obchodn\u00ed spole\u010dnost &ndash; V. O. S.\t&nbsp;\tV&nbsp;na\u0161\u00ed zemi m\u00e1me velmi mnoho r\u016fzn\u00fdch neziskov\u00fdch organizac\u00ed, kter\u00e9 jsou ve\u0159ejnopr\u00e1vn\u00ed. Jsou to p\u0159edev\u0161\u00edm p\u0159\u00edsp\u011bvkov\u00e9 organizace, politick\u00e9 strany, hnut\u00ed, r\u016fzn\u00e9 spolky, kter\u00e9 z\u00edsk\u00e1vaj\u00ed celou nebo \u010d\u00e1ste\u010dnou dotaci od st\u00e1tu.\tN\u00e1sledn\u011b je u n\u00e1s mnoho soukromopr\u00e1vn\u00edch spole\u010dnosti, jako jsou NADACE, FONDY a spolky. Tyto jsou financov\u00e1ny nejenom z&nbsp;vlastn\u00edch zdroj\u016f, dar\u016f, grant\u016f, sb\u00edrek, \u010di z&nbsp;vlastn\u00ed \u010dinnosti, kter\u00e1 m\u016f\u017ee b\u00fdt prosp\u011b\u0161n\u00e1 apod.\tPosledn\u00ed dva roky se hovo\u0159\u00ed o tom, \u017ee by se m\u011bly &bdquo;p\u0159i\u0161krtit&ldquo; pen\u00edze pro neziskov\u00e9 organizace s&nbsp;politick\u00fdm zam\u011b\u0159en\u00edm. Neziskov\u00e9 organizace zvl\u00e1\u0161\u0165, kter\u00e9 p\u016fsob\u00ed v&nbsp;soci\u00e1ln\u00ed, kulturn\u00ed a sportovn\u00ed sf\u00e9\u0159e, by m\u011bly b\u00fdt i nad\u00e1le od st\u00e1tu podporov\u00e1ny. Jestli se n\u011bco zm\u011bn\u00ed, uvid\u00edme.                                                                                                                                                                                                                                                                                                                                                                                        4.2\/5 - (4 votes)        "},{"@context":"https:\/\/schema.org\/","@type":"BreadcrumbList","itemListElement":[{"@type":"ListItem","position":1,"name":"Na\u0161e spole\u010dnost a moje firma","item":"https:\/\/www.chkocr.cz\/nase-spolecnost-a-moje-firma\/#breadcrumbitem"}]}]