[{"@context":"https:\/\/schema.org\/","@type":"Article","@id":"https:\/\/www.chkocr.cz\/jarek-nohavica\/#Article","mainEntityOfPage":"https:\/\/www.chkocr.cz\/jarek-nohavica\/","headline":"Jarek Nohavica","name":"Jarek Nohavica","description":"Uvozovky v\u00fd\u0161e nejsou z&nbsp;d\u016fvodu zesm\u011b\u0161n\u011bn\u00ed, ale proto, \u017ee se ta medaile tak skute\u010dn\u011b jmenuje a dostalo ji ji\u017e v\u00edce um\u011blc\u016f. Nap\u0159\u00edklad Milo\u0161 Forman. Nebudeme zde rozeb\u00edrat, jak medaile vypad\u00e1 a kolik m\u00e1 stup\u0148\u016f (t\u0159i). Rad\u011bji se pod\u00edvejme, pro\u010d zrovna Jarek Nohavica tolik h\u00fdbe \u017elu\u010d\u00ed n\u011bkter\u00fdm lidem, p\u0159ev\u00e1\u017en\u011b komunist\u016fm. B\u00fdval\u00fdm i","datePublished":"2017-12-19","dateModified":"2023-06-06","author":{"@type":"Person","@id":"https:\/\/www.chkocr.cz\/author\/#Person","name":"","url":"https:\/\/www.chkocr.cz\/author\/","identifier":1,"image":{"@type":"ImageObject","@id":"https:\/\/secure.gravatar.com\/avatar\/6808215d501bdbb001ef3734be3cdad1be23596de78c590ed2ac5868fce74c95?s=96&d=mm&r=g","url":"https:\/\/secure.gravatar.com\/avatar\/6808215d501bdbb001ef3734be3cdad1be23596de78c590ed2ac5868fce74c95?s=96&d=mm&r=g","height":96,"width":96}},"publisher":{"@type":"Organization","name":"chkocr.cz","logo":{"@type":"ImageObject","@id":"\/logo.png","url":"\/logo.png","width":600,"height":60}},"image":{"@type":"ImageObject","@id":"https:\/\/www.chkocr.cz\/wp-content\/uploads\/img_a307822_w2323_t1519050957.jpg","url":"https:\/\/www.chkocr.cz\/wp-content\/uploads\/img_a307822_w2323_t1519050957.jpg","height":0,"width":0},"url":"https:\/\/www.chkocr.cz\/jarek-nohavica\/","about":["Mu\u017ei"],"wordCount":462,"articleBody":"\tUvozovky v\u00fd\u0161e nejsou z&nbsp;d\u016fvodu zesm\u011b\u0161n\u011bn\u00ed, ale proto, \u017ee se ta medaile tak skute\u010dn\u011b jmenuje a dostalo ji ji\u017e v\u00edce um\u011blc\u016f. Nap\u0159\u00edklad Milo\u0161 Forman. Nebudeme zde rozeb\u00edrat, jak medaile vypad\u00e1 a kolik m\u00e1 stup\u0148\u016f (t\u0159i). Rad\u011bji se pod\u00edvejme, pro\u010d zrovna Jarek Nohavica tolik h\u00fdbe \u017elu\u010d\u00ed n\u011bkter\u00fdm lidem, p\u0159ev\u00e1\u017en\u011b komunist\u016fm. B\u00fdval\u00fdm i sou\u010dasn\u00fdm.\tMo\u017en\u00e1 je to t\u00edm, \u017ee lidem vad\u00ed jeho minulost, kdy\u017e se provalilo, \u017ee byl udava\u010dem STB. Ano, byl. M\u011bl kryc\u00ed jm\u00e9no Mirek a don\u00e1\u0161el. Hlavn\u011b to, co nebylo d\u016fle\u017eit\u00e9 a ji\u017e nemohlo nikomu n\u011bjak ubl\u00ed\u017eit.\t\tState\u010dn\u00fd pan Hutka, kter\u00fd v&nbsp;sedmdes\u00e1t\u00fdch letech z&nbsp;d\u016fvodu \u0161ikany STB odv\u00e1\u017en\u011b zdrhnul za kope\u010dky o tomto &bdquo;udava\u010di&ldquo; dokonce nazp\u00edval veselou p\u00edse\u0148. Pr\u00e1v\u011b on by m\u011bl v\u011bd\u011bt, jak\u00fd tlak dok\u00e1zalo STB vyvinout. A co teprve kdy\u017e jste m\u011bli rodinu! Jejich v\u00fdslechy nebyly pion\u00fdrsk\u00e9 hry a oni dok\u00e1zali i jimi u\u010dinit \u010dlov\u011bku z&nbsp;\u017eivota peklo. A Jarek zde z\u016fstal a tomuto teroru \u010delil. Jin\u00fd zbab\u011ble utekl jako to pov\u011bstn\u00e9 zv\u00ed\u0159\u00e1tko, \u017eil si v&nbsp;cizin\u011b jako ve \u0160larafii, za co\u017e asi obdr\u017eel cenu V\u00e1clava Bendy (2012).\tJ\u00e1 samoz\u0159ejm\u011b nemohu v\u011bd\u011bt, jak\u00e9 techniky STB\u00e1ci na pana Nohavicu pou\u017eili. Metody byly r\u016fzn\u00e9 a on o tom nemluv\u00ed. S&nbsp;novin\u00e1\u0159i se p\u0159estal bavit definitivn\u011b a dob\u0159e ud\u011blal.\t\tPro na\u0161i kulturu jist\u011b ud\u011blal v\u00edce ne\u017e v\u00fd\u0161e zm\u00edn\u011bn\u00fd odv\u00e1\u017elivec. Jen po\u010det vydan\u00fdch nosi\u010d\u016f o n\u011b\u010dem sv\u011bd\u010d\u00ed. Nemluv\u00edm o po\u010dtu koncert\u016f a fanou\u0161k\u016f. T\u00edm se asi nikdo pochlubit nem\u016f\u017ee. A proto p\u0159ich\u00e1z\u00ed z\u00e1vist a pomlouv\u00e1n\u00ed. Pan Nohavica se rozhodit nenechal, cenu p\u0159ijal a d\u00e1l si jede po sv\u00e9m.\tP\u00ed\u0161i tento \u010dl\u00e1nek proto, \u017ee jsem s&nbsp;Jarkov\u00fdmi p\u00edsni\u010dkami vyr\u016fstal, a poslouch\u00e1m je dodnes. A tak\u00e9 proto, \u017ee kulturn\u00ed \u017eivot je tak\u00e9 o kultu\u0159e \u010dlov\u011bka jako takov\u00e9ho, a jeho chov\u00e1n\u00ed ve spole\u010dnosti. To \u017ee byl Jarek p\u011bkn\u00e9 \u0161\u00eddlo je v\u0161eobecn\u011b zn\u00e1mo. Ale v&nbsp;sou\u010dasnosti je z&nbsp;n\u011bj klidn\u00fd a vyrovnan\u00fd \u010dlov\u011bk. Co\u017e se o jin\u00fdch \u0159\u00edci ned\u00e1.\tNezb\u00fdv\u00e1 ne\u017e z\u00e1v\u011brem pod\u011bkovat panu Nohavicovi za hezk\u00e9 p\u00edsn\u011b a dobrou n\u00e1ladu, kterou p\u0159in\u00e1\u0161\u00ed na ka\u017ed\u00fd koncert. &nbsp;P\u0159ejme mu, aby mu to dlouho vydr\u017eelo. &nbsp;                                                                                                                                                                                                                                                                                                                                                                                        3.9\/5 - (9 votes)        "},{"@context":"https:\/\/schema.org\/","@type":"BreadcrumbList","itemListElement":[{"@type":"ListItem","position":1,"name":"Jarek Nohavica","item":"https:\/\/www.chkocr.cz\/jarek-nohavica\/#breadcrumbitem"}]}]